{"provider_url": "https://www.pacaraima.rr.leg.br", "title": "Folha de pagamento - 2021", "html": "<h3 style=\"text-align: justify; \">Confira as informa\u00e7\u00f5es relativas as remunera\u00e7\u00f5es e cargos dos servidores da C\u00e2mara Municipal de Pacaraima no ano de 2021.</h3>\r\n<p>\u00a0</p>\r\n<p><a title=\"\" href=\"https://www.pacaraima.rr.leg.br/transparencia/servidores/folha-de-pagamento-2021/folha-de-pagamento-janeiro-2021\" class=\"internal-link\" target=\"_self\"><img src=\"https://www.pacaraima.rr.leg.br/imagens/copy2_of_1.png\" alt=\"Janeiro\" class=\"image-inline\" title=\"Janeiro\" /></a>\u00a0 \u00a0 \u00a0<a title=\"\" href=\"https://www.pacaraima.rr.leg.br/transparencia/servidores/folha-de-pagamento-2021/folha-de-pagamento-fevereiro-2021\" class=\"internal-link\" target=\"_self\"><img src=\"https://www.pacaraima.rr.leg.br/imagens/copy2_of_2.png\" alt=\"Fevereiro\" class=\"image-inline\" title=\"Fevereiro\" /></a>\u00a0<span>\u00a0\u00a0 \u00a0</span><a title=\"\" href=\"https://www.pacaraima.rr.leg.br/transparencia/servidores/folha-de-pagamento-2021/folha-de-pagamento-marco-2021\" class=\"internal-link\" target=\"_self\"><img src=\"https://www.pacaraima.rr.leg.br/imagens/copy3_of_3.png\" alt=\"Mar\u00e7o\" class=\"image-inline\" title=\"Mar\u00e7o\" /><span>\u00a0</span></a>\u00a0<a title=\"\" href=\"https://www.pacaraima.rr.leg.br/transparencia/servidores/folha-de-pagamento-2021/folha-de-pagamento-abril-2021\" class=\"internal-link\" target=\"_self\"><img src=\"https://www.pacaraima.rr.leg.br/imagens/copy2_of_4.png\" alt=\"Abril\" class=\"image-inline\" title=\"Abril\" /></a>\u00a0<span>\u00a0\u00a0 \u00a0</span><a title=\"\" href=\"https://www.pacaraima.rr.leg.br/transparencia/servidores/folha-de-pagamento-2021/folha-de-pagamento-maio-2021\" class=\"internal-link\" target=\"_self\"><img src=\"https://www.pacaraima.rr.leg.br/imagens/5.png\" alt=\"Maio\" class=\"image-inline\" title=\"Maio\" /></a>\u00a0 \u00a0 \u00a0<a title=\"\" href=\"https://www.pacaraima.rr.leg.br/transparencia/servidores/folha-de-pagamento-2021/folha-de-pagamento-junho-2021\" class=\"internal-link\" target=\"_self\"><img src=\"https://www.pacaraima.rr.leg.br/imagens/copy_of_6.png\" alt=\"Junho\" class=\"image-inline\" title=\"Junho\" /></a>\u00a0\u00a0\u00a0 \u00a0<a title=\"\" href=\"https://www.pacaraima.rr.leg.br/transparencia/servidores/folha-de-pagamento-2021/folha-de-pagamento-julho-2021\" class=\"internal-link\" target=\"_self\"><img src=\"https://www.pacaraima.rr.leg.br/imagens/copy_of_7.png\" alt=\"Julho\" class=\"image-inline\" title=\"Julho\" /></a>\u00a0 \u00a0 \u00a0<a title=\"\" href=\"https://www.pacaraima.rr.leg.br/transparencia/servidores/folha-de-pagamento-2021/folha-de-pagamento-agosto-2021\" class=\"internal-link\" target=\"_self\"><img src=\"https://www.pacaraima.rr.leg.br/imagens/8.png\" alt=\"Agosto\" class=\"image-inline\" title=\"Agosto\" /></a>\u00a0\u00a0\u00a0 \u00a0<a title=\"\" href=\"https://www.pacaraima.rr.leg.br/transparencia/servidores/folha-de-pagamento-2021/folha-de-pagamento-setembro-2021\" class=\"internal-link\" target=\"_self\"><img src=\"https://www.pacaraima.rr.leg.br/imagens/9.png\" alt=\"Setembro\" class=\"image-inline\" title=\"Setembro\" /></a>\u00a0\u00a0\u00a0 \u00a0<a title=\"\" href=\"https://www.pacaraima.rr.leg.br/transparencia/servidores/folha-de-pagamento-2021/folha-de-pagamento-outubro-2021\" class=\"internal-link\" target=\"_self\"><img src=\"https://www.pacaraima.rr.leg.br/imagens/copy_of_10.png\" alt=\"Outubro\" class=\"image-inline\" title=\"Outubro\" /></a>\u00a0 \u00a0 \u00a0<a title=\"\" href=\"https://www.pacaraima.rr.leg.br/transparencia/servidores/folha-de-pagamento-2021/folha-de-pagamento-novembro-2021\" class=\"internal-link\" target=\"_self\"><img src=\"https://www.pacaraima.rr.leg.br/imagens/11.png\" alt=\"Novembro\" class=\"image-inline\" title=\"Novembro\" /></a>\u00a0\u00a0\u00a0 \u00a0<a title=\"\" href=\"https://www.pacaraima.rr.leg.br/transparencia/servidores/folha-de-pagamento-2021/folha-de-pagamento-dezembro-2021\" class=\"internal-link\" target=\"_self\"><img src=\"https://www.pacaraima.rr.leg.br/imagens/12.png\" alt=\"Dezembro\" class=\"image-inline\" title=\"Dezembro\" /></a></p>", "author_name": "publicidadecamarapac@hotmail.com", "version": "1.0", "author_url": "https://www.pacaraima.rr.leg.br/author/publicidadecamarapac@hotmail.com", "provider_name": "Pal\u00e1cio Francisco Fernandes Souza", "type": "rich"}