{"provider_url": "https://www.pacaraima.rr.leg.br", "title": "Nota Oficial", "html": "<p style=\"text-align: center; \"><strong>NOTA OFICIAL</strong></p>\r\n<p style=\"text-align: justify; \">A C\u00e2mara Municipal de Pacaraima informa que n\u00e3o possui nenhum conv\u00eanio estabelecido, nem recebe transfer\u00eancias de recursos provenientes de acordos institucionais. Atualmente, n\u00e3o h\u00e1 contratos ou parcerias firmados com outras entidades ou \u00f3rg\u00e3os governamentais. Qualquer informa\u00e7\u00e3o em contr\u00e1rio \u00e9 infundada e deve ser desconsiderada.</p>\r\n<p style=\"text-align: justify; \">Nosso compromisso \u00e9 com a transpar\u00eancia e a correta aplica\u00e7\u00e3o dos recursos p\u00fablicos, mantendo sempre a comunidade informada sobre nossas atividades e a situa\u00e7\u00e3o financeira da C\u00e2mara.</p>\r\n<p style=\"text-align: justify; \">\u00a0</p>\r\n<p style=\"text-align: justify; \"><a title=\"\" href=\"https://www.pacaraima.rr.leg.br/transparencia/prestacao-de-contas/convenios/declaraoconvnio.pdf\" class=\"internal-link\" target=\"_self\"><img src=\"https://www.pacaraima.rr.leg.br/imagens/20220401_101742_0000.png\" alt=\"\" class=\"image-inline\" title=\"\" /></a></p>", "author_name": "", "version": "1.0", "author_url": "https://www.pacaraima.rr.leg.br/author/Harlinis", "provider_name": "Pal\u00e1cio Francisco Fernandes Souza", "type": "rich"}