{"provider_url": "https://www.pacaraima.rr.leg.br", "title": " Projeto C\u00e2mara Jovem", "html": "<p>\u00a0<iframe src=\"https://www.youtube.com/embed/XAVKMb4Lx2E\" title=\"Di\u00e1rio de Bordo, dia 01 - C\u00e2mara Jovem de Pacaraima\" width=\"425\" height=\"350\" allowfullscreen=\"\" frameborder=\"0\" style=\"\"></iframe></p>\r\n<p style=\"text-align: justify; \">O projeto C\u00e2mara Jovem \u00e9 uma iniciativa da C\u00e2mara Municipal de Pacaraima, que visa oferecer aos jovens a oportunidade de vivenciar a experi\u00eancia de ser vereador por um per\u00edodo de um ano. Atrav\u00e9s desse programa, os jovens t\u00eam a chance de participar ativamente do cen\u00e1rio pol\u00edtico local, discutindo quest\u00f5es relevantes para a comunidade e propondo solu\u00e7\u00f5es que impactem positivamente a vida de todos.</p>\r\n<p style=\"text-align: justify; \">\u00a0</p>\r\n<p>\u00a0<iframe src=\"https://www.youtube.com/embed/PgpwIbtFqWQ\" title=\"Di\u00e1rio de Bordo, dia 02 - C\u00e2mara Jovem de Pacaraima\" width=\"425\" height=\"350\" allowfullscreen=\"\" frameborder=\"0\" style=\"\"></iframe></p>\r\n<p>Durante esse per\u00edodo, os jovens vereadores t\u00eam a oportunidade de conhecer de perto o funcionamento do legislativo, participando de sess\u00f5es, debates e reuni\u00f5es, assim como apresentar projetos e discutir as demandas da juventude e da sociedade em geral. Eles s\u00e3o encorajados a expressar suas opini\u00f5es, debater ideias e contribuir para a constru\u00e7\u00e3o de pol\u00edticas p\u00fablicas que atendam \u00e0s necessidades da popula\u00e7\u00e3o.</p>\r\n<p><iframe src=\"https://www.youtube.com/embed/4dLaTgHygl8\" title=\"Di\u00e1rio de Bordo, dia 03 - C\u00e2mara Jovem de Pacaraima\" width=\"425\" height=\"350\" allowfullscreen=\"\" frameborder=\"0\" style=\"\"></iframe></p>\r\n<p style=\"text-align: justify; \">O projeto C\u00e2mara Jovem busca promover o protagonismo dos jovens na pol\u00edtica, incentivando a participa\u00e7\u00e3o cidad\u00e3 e o exerc\u00edcio da democracia desde cedo. Ao vivenciarem a rotina de um vereador, os jovens adquirem conhecimentos sobre o processo legislativo, o trabalho em equipe e a tomada de decis\u00f5es, al\u00e9m de desenvolverem habilidades como a orat\u00f3ria, negocia\u00e7\u00e3o e lideran\u00e7a.</p>\r\n<p style=\"text-align: justify; \">\u00a0</p>\r\n<p style=\"text-align: justify; \">Essa experi\u00eancia proporciona aos jovens uma vis\u00e3o mais ampla sobre o papel do poder legislativo na sociedade e os desafios enfrentados pelos representantes pol\u00edticos. Al\u00e9m disso, eles t\u00eam a oportunidade de se engajar em causas sociais, promover a participa\u00e7\u00e3o da juventude nas discuss\u00f5es pol\u00edticas e contribuir para o desenvolvimento de pol\u00edticas p\u00fablicas voltadas para o bem-estar da comunidade.</p>\r\n<p style=\"text-align: justify; \">O projeto C\u00e2mara Jovem tem se mostrado uma importante ferramenta para estimular o interesse dos jovens pela pol\u00edtica, despertando neles o senso de responsabilidade c\u00edvica e o desejo de contribuir para a constru\u00e7\u00e3o de um futuro melhor. Ao oferecer essa oportunidade de participa\u00e7\u00e3o ativa na esfera pol\u00edtica, o projeto busca formar cidad\u00e3os engajados, conscientes de seus direitos e deveres, capazes de promover mudan\u00e7as positivas em suas comunidades.</p>\r\n<p style=\"text-align: justify; \">\u00a0</p>\r\n<p style=\"text-align: center; \"><strong><a title=\"\" href=\"https://www.pacaraima.rr.leg.br/projetos/camara-jovem/edicao-piloto-2023\" class=\"internal-link\" target=\"_self\"><img src=\"https://www.pacaraima.rr.leg.br/imagens/IMG_21051.PNG/@@images/557ee0c1-7b0c-4ecf-ac79-ef71ab961902.png\" alt=\"Logo C\u00e2mara Jovem\" class=\"image-inline\" title=\"Logo C\u00e2mara Jovem\" /></a></strong></p>", "author_name": "", "version": "1.0", "author_url": "https://www.pacaraima.rr.leg.br/author/Harlinis", "provider_name": "Pal\u00e1cio Francisco Fernandes Souza", "type": "rich"}