{"provider_url": "https://www.pacaraima.rr.leg.br", "title": "\u00daltimas Not\u00edcias", "html": "", "author_name": "Assessoria de Comunica\u00e7\u00e3o", "version": "1.0", "author_url": "https://www.pacaraima.rr.leg.br/author/Assessoria de Comunica\u00e7\u00e3o", "provider_name": "Pal\u00e1cio Francisco Fernandes Souza", "type": "rich"}