{"provider_url": "https://www.pacaraima.rr.leg.br", "title": " Sess\u00e3o Solene de Abertura do Ano Legislativo", "html": "<p style=\"text-align: justify; \">A C\u00e2mara Municipal de Pacaraima tem a honra de convidar todos os cidad\u00e3os para a Sess\u00e3o Solene de Abertura do Ano Legislativo, um evento marcante que acontecer\u00e1 no dia 15/02/2024 \u00e0s 9h, no Plen\u00e1rio da C\u00e2mara Municipal.</p>\r\n<p style=\"text-align: justify; \">Este momento \u00e9 de grande import\u00e2ncia, ser\u00e3o discutidas e apresentadas as principais diretrizes e metas que guiar\u00e3o as atividades legislativas ao longo do ano.\u00a0<span>Al\u00e9m disso, a Sess\u00e3o Solene contar\u00e1 com a presen\u00e7a de autoridades locais, representantes da sociedade civil e, claro, de todos os mun\u00edcipes interessados em participar do processo democr\u00e1tico. Ser\u00e1 uma oportunidade \u00edmpar para conhecer de perto as propostas e os projetos que impactar\u00e3o diretamente a vida de todos.</span></p>\r\n<p style=\"text-align: justify; \">Para mais informa\u00e7\u00f5es, entre em contato com a C\u00e2mara Municipal de Pacaraima atrav\u00e9s dos canais oficiais de comunica\u00e7\u00e3o.</p>", "author_name": "", "version": "1.0", "author_url": "https://www.pacaraima.rr.leg.br/author/Harlinis", "provider_name": "Pal\u00e1cio Francisco Fernandes Souza", "type": "rich"}