{"provider_url": "https://www.pacaraima.rr.leg.br", "title": "Seletivo na educa\u00e7\u00e3o \u00e9 aprovado pela C\u00e2mara", "html": "<h3 style=\"text-align: center; \"><span style=\"text-align: justify; \">Projeto segue para san\u00e7\u00e3o ou veto do Prefeito Juliano Torquato\u00a0</span></h3>\r\n<p dir=\"ltr\" style=\"text-align: justify; \"><span><br /></span></p>\r\n<p dir=\"ltr\" style=\"text-align: justify; \"><span>Em sua 5\u00aa sess\u00e3o extraordin\u00e1ria realizada no dia 26 de mar\u00e7o, ap\u00f3s pedido de vista do vereador </span><span>J\u00fanior da T\u00e9ia (PRTB)</span><span>, os vereadores aprovaram por unanimidade o projeto de lei 004/2021 de autoria do poder executivo com duas emendas apresentadas pelo vereador </span><span>J\u00fanior da T\u00e9ia (PRTB)</span><span>, que autoriza a contrata\u00e7\u00e3o de servidores por tempo determinado para atender a necessidade tempor\u00e1ria de excepcional interesse p\u00fablico da Secretaria municipal de Educa\u00e7\u00e3o.</span>\u00a0</p>\r\n<p dir=\"ltr\" style=\"text-align: justify; \">Para o vereador J\u00fanior, autor da emendas apresentadas, o projeto em sua reda\u00e7\u00e3o original prejudicaria os profissionais da educa\u00e7\u00e3o efetivos, impedindo-os de realizar o processo seletivo municipal:</p>\r\n<p dir=\"ltr\" style=\"text-align: justify; \"><span>\u201cAp\u00f3s an\u00e1lise e pesquisas profundas no projeto, sabendo que a quantidade de professores em nosso munic\u00edpio \u00e9 pequena e pensando em abrir mais oportunidades aos profissionais, foi que pensei e apresentei as emendas suprimindo o artigo 11 que tratava sobre isso, me baseando na constitui\u00e7\u00e3o e leis municipais, dentro da legalidade. Os colegas vereadores entenderam a import\u00e2ncia das emendas ao projeto e aprovaram por unanimidade, e tor\u00e7o agora para que o Prefeito a sancione sem vetos\u201d,</span><span> comentou o vereador.</span></p>\r\n<p style=\"text-align: justify; \"><span id=\"docs-internal-guid-9f30aa17-7fff-062f-cc60-98eee65df26b\"><span>\u00a0\u00a0\u00a0Para a presidente da Casa, vereadora </span><span>Dila Santos (Solidariedade)</span><span>, o processo seletivo vem em boa hora para os profissionais da educa\u00e7\u00e3o no munic\u00edpio, al\u00e9m de contribuir com o avan\u00e7o da educa\u00e7\u00e3o nesses tempos de pandemia que exige bem mais dos profissionais em aulas e atividades remotas. O projeto agora segue para san\u00e7\u00e3o ou veto do Prefeito Juliano Torquato (Republicanos).</span></span></p>", "author_name": "publicidadecamarapac@hotmail.com", "version": "1.0", "author_url": "https://www.pacaraima.rr.leg.br/author/publicidadecamarapac@hotmail.com", "provider_name": "Pal\u00e1cio Francisco Fernandes Souza", "type": "rich"}