{"provider_url": "https://www.pacaraima.rr.leg.br", "title": "Audi\u00eancia p\u00fablica debate a seguran\u00e7a no munic\u00edpio de Pacaraima", "html": "<p style=\"text-align: justify; \"><span>A C\u00e2mara Municipal de Pacaraima em parceria com a Prefeitura, realizou nesta sexta-feira (26/05), uma\u00a0Audi\u00eancia P\u00fablica\u00a0\u00a0para tratar de assuntos referente a seguran\u00e7a p\u00fablica municipal.\u00a0</span></p>\r\n<p style=\"text-align: justify; \"><span><span>A falta de seguran\u00e7a no munic\u00edpio \u00e9 alvo de constantes reclama\u00e7\u00f5es, os moradores solicitaram junto a C\u00e2mara a realiza\u00e7\u00e3o de uma audi\u00eancia para tratar do assunto, na qual a popula\u00e7\u00e3o p\u00f4de discutir a situa\u00e7\u00e3o com as autoridades competentes e expor seus anseios. O evento contou com a participa\u00e7\u00e3o de 92 mun\u00edcipes, vale destacar que o munic\u00edpio conta com aproximadamente 19 mil habitantes, dados fornecido pelo senso 2022.</span></span></p>\r\n<p style=\"text-align: justify; \"><span></span><span>Na ocasi\u00e3o, estiveram presentes a presidente da C\u00e2mara Municipal Dila Santos (Solidariedade), vice-prefeito Sime\u00e3o Peixoto, o Deputado Federal Gabriel Mota (Republicanos), Deputado Estadual Gabriel Pican\u00e7o (Republicanos), o\u00a0</span><span>Secret\u00e1rio-adjunto de Seguran\u00e7a P\u00fablica do Estado\u00a0</span><span>Ellan Wagner,\u00a0\u00a0</span><span>sub-comandante de policiamento do interior Tenente Coronel\u00a0</span><span>Magno Jorge Araujo,\u00a0Comandante da 1\u00b0 CIPMFron\u00a0Major Marcelino Nobre, chefe do centro\u00a0 de coordena\u00e7\u00e3o de for\u00e7a tarefa log\u00edstica da opera\u00e7\u00e3o acolhida\u00a0Coronel Jos\u00e9 Paulo da Silva Neto,\u00a0Delegada da Pol\u00edcia Federal Ana Maria Lima, secret\u00e1rio municipal de seguran\u00e7a e ordem p\u00fablica S\u00e9rgio Raiol.</span></p>\r\n<p style=\"text-align: justify; \">O vice-prefeito Sime\u00e3o Peixoto destacou que ir\u00e1 dar o \"devido encaminhamento de todos os assuntos debatidos, e tentar construir um plano de seguran\u00e7a para o munic\u00edpio de Pacaraima\" , destacou a import\u00e2ncia da participa\u00e7\u00e3o popular nessa discuss\u00e3o.</p>\r\n<p style=\"text-align: justify; \">O\u00a0Coronel Jos\u00e9 Paulo da Silva Neto, explanou a import\u00e2ncia da opera\u00e7\u00e3o acolhida, que envolve mais de 40 organiza\u00e7\u00f5es p\u00fablicas e privadas afim de minimizar os impactos no munic\u00edpio, \"a opera\u00e7\u00e3o acolhida veio para ajudar a resolver o problema da migra\u00e7\u00e3o desordenada que estava ocorrendo no Estado de Roraima. O trabalho \u00e9 realizado dioturnamente, todos os dias chegam em torno de 500 pessoas na cidade\".</p>\r\n<p style=\"text-align: justify; \">A\u00a0\u00a0delegada da Pol\u00edcia Federal, Ana Maria Lima destacou a import\u00e2ncia da audi\u00eancia p\u00fablica como um espa\u00e7o de debate\u00a0\"\u00e9 importante esta audiencia para que as for\u00e7as de seguran\u00e7a p\u00fablica, possam compartilhar informa\u00e7\u00f5es entre si, mas tamb\u00e9m com a popula\u00e7\u00e3o que \u00e9 a maior interessada\".</p>\r\n<p style=\"text-align: center; \"><strong><a class=\"external-link\" href=\"https://www.facebook.com/watch/?v=1417311182436615\" target=\"_self\" title=\"\">Confira a \u00edntegra da audi\u00eancia p\u00fablica.</a></strong></p>", "author_name": "publicidadecamarapac@hotmail.com", "version": "1.0", "author_url": "https://www.pacaraima.rr.leg.br/author/publicidadecamarapac@hotmail.com", "provider_name": "Pal\u00e1cio Francisco Fernandes Souza", "type": "rich"}