{"provider_url": "https://www.pacaraima.rr.leg.br", "title": "Retifica\u00e7\u00e3o do edital do Concurso P\u00fablico n\u00b0 001/2022", "html": "<p>A C\u00e2mara Municipal de Pacaraima (CMP), publicou nesta sexta-feira (10/02) o edital de retifica\u00e7\u00e3o da data da solenidade de posse dos candidatos aprovados, na qual ser\u00e1 realizado no dia 02 de abril de 2023.</p>\r\n<p><span>A retifica\u00e7\u00e3o d\u00e1-se devido ao n\u00e3o comparecimento dos candidatos convocados da primeira chamada para a entrega da documenta\u00e7\u00e3o exigida no Edital de Convoca\u00e7\u00e3o de 07/02/2023, sendo necess\u00e1rio assim, convocar outros aprovados no concurso da C\u00e2mara Municipal de Pacaraima.</span></p>\r\n<p><span><a title=\"\" href=\"https://www.pacaraima.rr.leg.br/documento/edital-de-retificacao-solenidade-de-posse/at_download/file\" class=\"external-link\" target=\"_self\">Acesse a retifica\u00e7\u00e3o do edital aqui</a></span></p>", "author_name": "publicidadecamarapac@hotmail.com", "version": "1.0", "author_url": "https://www.pacaraima.rr.leg.br/author/publicidadecamarapac@hotmail.com", "provider_name": "Pal\u00e1cio Francisco Fernandes Souza", "type": "rich"}