{"provider_url": "https://www.pacaraima.rr.leg.br", "title": "Prorrogado inscri\u00e7\u00e3o para concurso da C\u00e2mara Municipal de Pacaraima", "html": "<h3 style=\"text-align: center; \"><span>As inscri\u00e7\u00f5es para o Concurso P\u00fablico da C\u00e2mara Municipal de Pacaraima foram prorrogadas at\u00e9 o dia 07 de junho 2022.\u00a0</span></h3>\r\n<p><span><br /></span></p>\r\n<p><span>O Concurso P\u00fablico 01/2022 da C\u00e2mara Municipal de Pacaraima, destina-se a provimento dos cargos de n\u00edvel m\u00e9dio e fundamental, al\u00e9m da forma\u00e7\u00e3o\u00a0 de cadastro reserva. Os cargos dispon\u00edveis variam de\u00a0</span><span>assistente administrativo, auxiliar de servi\u00e7os gerais, auxiliar de servi\u00e7os de vigil\u00e2ncia e motorista.</span></p>\r\n<p><span>As inscri\u00e7\u00f5es </span><span>podem ser realizadas atrav\u00e9s do site\u00a0</span><b><a href=\"http://www.idib.org.br/\">www.idib.org.br</a>.</b></p>\r\n<p>Para concorrer \u00e0s vagas destinadas a candidatos com defici\u00eancia, o candidato dever\u00e1, no ato de inscri\u00e7\u00e3o, declarar-se pessoa com defici\u00eancia e enviar laudo m\u00e9dico original, emitido nos \u00faltimos 12 (doze) meses a contar da data de publica\u00e7\u00e3o do edital, atestando o nome da doen\u00e7a, a esp\u00e9cie e o grau ou o n\u00edvel da defici\u00eancia, com expressa refer\u00eancia ao c\u00f3digo correspondente no C\u00f3digo Internacional de Doen\u00e7as (CID), bem como a prov\u00e1vel causa da defici\u00eancia, na forma dos subitens 6.3 e do requerimento constante do ANEXO III do edital.</p>\r\n<p><span>O pedido de isen\u00e7\u00e3o do pagamento da taxa de inscri\u00e7\u00e3o dever\u00e1 ser preenchido de acordo com o formul\u00e1rio dispon\u00edvel no edital.</span></p>\r\n<p>O concurso p\u00fablico ter\u00e1 validade de 02 (dois) anos prorrog\u00e1vel uma \u00fanica vez, a contar da data de sua homologa\u00e7\u00e3o.</p>\r\n<p>\u00a0<span>Acesse o edital 01/2022\u00a0<a title=\"\" href=\"https://www.pacaraima.rr.leg.br/documento/concurso-publico-cmp\" class=\"internal-link\" target=\"_self\">clicando aqui.</a></span></p>", "author_name": "publicidadecamarapac@hotmail.com", "version": "1.0", "author_url": "https://www.pacaraima.rr.leg.br/author/publicidadecamarapac@hotmail.com", "provider_name": "Pal\u00e1cio Francisco Fernandes Souza", "type": "rich"}