{"provider_url": "https://www.pacaraima.rr.leg.br", "title": "Parlamentares participam da \"A\u00e7\u00e3o de Sa\u00fade\" em Pacaraima", "html": "<p><img src=\"https://www.pacaraima.rr.leg.br/galeria-de-fotos/IMG20220224WA0025.jpg/@@images/75201e5d-b2e1-4321-9d12-395d81485c75.jpeg\" alt=\"\" class=\"image-inline\" title=\"\" /></p>\r\n<p>Nesta quarta-feira (23), vereadores da C\u00e2mara municipal participaram da \u00a0entrega de \u00f3culos para os cidad\u00e3os do munic\u00edpio, na ocasi\u00e3o tamb\u00e9m foram oferecidos atendimento ambulatorial para a popula\u00e7\u00e3o.</p>\r\n<p>Os \u00f3culos foram decorrentes do projeto \u201cC\u00e2mara em A\u00e7\u00e3o\u201d, realizada em dezembro de 2021, na ocasi\u00e3o foram beneficiadas cerca de 52 pessoas para atendimento oftalmol\u00f3gico.</p>\r\n<p>\u00a0A presidente da Casa Dila Santos (Solidariedade), enfatizou a import\u00e2ncia da parceria do executivo e legislativo em prol dos mun\u00edcipes, e agradeceu a aten\u00e7\u00e3o e aquisi\u00e7\u00e3o dos \u00f3culos com recursos pr\u00f3prios do munic\u00edpio. Demais vereadores destacaram a import\u00e2ncia da a\u00e7\u00e3o que contribuem com a popula\u00e7\u00e3o que n\u00e3o disp\u00f5e de recursos para a compra desse item.\u00a0 \u00a0</p>\r\n<p>Aos beneficiados pela aquisi\u00e7\u00e3o dos \u00f3culos que \u00a0n\u00e3o compareceram para a retirada, podem se dirigir a Secretaria da C\u00e2mara Municipal de Pacaraima, portando o ticket de identifica\u00e7\u00e3o dos \u00f3culos, e documento de identifica\u00e7\u00e3o para estar recebendo os mesmos. \u00a0</p>", "author_name": "publicidadecamarapac@hotmail.com", "version": "1.0", "author_url": "https://www.pacaraima.rr.leg.br/author/publicidadecamarapac@hotmail.com", "provider_name": "Pal\u00e1cio Francisco Fernandes Souza", "type": "rich"}