{"provider_url": "https://www.pacaraima.rr.leg.br", "title": "Nota \u00e0 Imprensa ", "html": "<p>A C\u00e2mara Municipal de Pacaraima/RR informa que recebeu com consterna\u00e7\u00e3o a informa\u00e7\u00e3o de suposta apura\u00e7\u00e3o realizada pelo Ministro P\u00fablico de Contas. A aplica\u00e7\u00e3o da verba indenizat\u00f3ria trata-se de meio legal, que visa auxiliar os vereadores no exerc\u00edcio de suas atividades parlamentares, no dia a dia, sempre pautado na \u00e9tica, legalidade e obedi\u00eancia \u00e0s legisla\u00e7\u00f5es aplic\u00e1veis ao tema, obedecendo ao artigo 37, da Constitui\u00e7\u00e3o Federal.</p>\r\n<p>Na oportunidade, a C\u00e2mara Municipal informa que as portas do Poder Legislativo sempre estiveram e estar\u00e3o abertas para a Sociedade e para os demais poderes.\u00a0</p>\r\n<p>Informa, ainda, que somente ir\u00e1 se manifestar acerca da referida apura\u00e7\u00e3o ap\u00f3s a notifica\u00e7\u00e3o oficial, que at\u00e9 o presente momento n\u00e3o ocorreu.</p>", "author_name": "publicidadecamarapac@hotmail.com", "version": "1.0", "author_url": "https://www.pacaraima.rr.leg.br/author/publicidadecamarapac@hotmail.com", "provider_name": "Pal\u00e1cio Francisco Fernandes Souza", "type": "rich"}