{"provider_url": "https://www.pacaraima.rr.leg.br", "title": "Felicita\u00e7\u00f5es ao Vereador Teco Paix\u00e3o", "html": "<p><img src=\"https://www.pacaraima.rr.leg.br/galeria-de-fotos/sessao-legislativa-2021/IMG20210423WA0006.jpg/@@images/51934b97-aff8-4556-b985-8b50b142be3d.jpeg\" alt=\"Teco Paix\u00e3o \" class=\"image-inline\" title=\"Teco Paix\u00e3o \" /></p>\r\n<p>Ao vereador Teco Paix\u00e3o, desejamos feliz anivers\u00e1rio. Muita sa\u00fade, felicidade e alegria em sua vida. \ud83e\udd73\ud83d\udc4f</p>", "author_name": "publicidadecamarapac@hotmail.com", "version": "1.0", "author_url": "https://www.pacaraima.rr.leg.br/author/publicidadecamarapac@hotmail.com", "provider_name": "Pal\u00e1cio Francisco Fernandes Souza", "type": "rich"}