{"provider_url": "https://www.pacaraima.rr.leg.br", "title": "Farm\u00e1cias poder\u00e3o atender em regime de plant\u00e3o", "html": "<p><span style=\"text-align: justify; \">Foi aprovado ap\u00f3s delibera\u00e7\u00e3o dos vereadores em Sess\u00e3o Plen\u00e1ria realizada no dia 20 de abril, a indica\u00e7\u00e3o 003/2021 de autoria do Vereador Arlindo do T\u00e1xi (Republicanos), que pede ao poder executivo municipal que formule Decreto referente aos plant\u00f5es de Farm\u00e1cias e Drogarias em sistema de rod\u00edzio, plant\u00e3o de atendimento das 20h at\u00e9 as 23h, em dias \u00fateis, s\u00e1bados, domingos e feriados, disponibilizando um n\u00famero de telefone para contato, cabendo a Secretaria Municipal de Sa\u00fade realizar os cadastros e calend\u00e1rios de funcionamento em comum acordo com os propriet\u00e1rios no munic\u00edpio de Pacaraima.</span></p>\r\n<p style=\"text-align: justify; \">\u00a0Para o vereador, a indica\u00e7\u00e3o \u00e9 de extrema import\u00e2ncia, beneficiando tanto a popula\u00e7\u00e3o quanto os empres\u00e1rios do ramo das farm\u00e1cias e drogarias:</p>\r\n<p style=\"text-align: justify; \"><i>\u00a0</i><i>\u201cA gente visa atender da melhor forma a popula\u00e7\u00e3o pacaraimense, quanto a necessidade muita das vezes em hor\u00e1rios tardio a noite fora do hor\u00e1rio comercial, pois ficamos a merc\u00ea somente do hospital do munic\u00edpio e das UBS, onde n\u00e3o h\u00e1 todos os medicamentos necess\u00e1rios, conforme den\u00fancias j\u00e1 recebidas\u201d</i>, destacou o vereador.</p>\r\n<p><img src=\"https://www.pacaraima.rr.leg.br/galeria-de-fotos/sessao-legislativa-2021/Adobe_Post_20210420_2117040.1167209358441661.png/@@images/4e0a9d03-55cc-4bcf-8850-2c803dabc9b9.png\" alt=\"Vereador Arlindo do Taxi\" class=\"image-inline\" title=\"Vereador Arlindo do Taxi\" /></p>\r\n<p style=\"text-align: justify; \">A indica\u00e7\u00e3o foi apreciada pelos pares da Casa, que discutiram a import\u00e2ncia da mat\u00e9ria, visto a mesma j\u00e1 possuir lei federal e estadual que a resguarde quanto \u00e0 constitucionalidade, e em seguida encaminhada ao Poder Executivo municipal.</p>", "author_name": "publicidadecamarapac@hotmail.com", "version": "1.0", "author_url": "https://www.pacaraima.rr.leg.br/author/publicidadecamarapac@hotmail.com", "provider_name": "Pal\u00e1cio Francisco Fernandes Souza", "type": "rich"}