{"provider_url": "https://www.pacaraima.rr.leg.br", "title": "Dia Internacional da Mulher", "html": "<p align=\"justify\">Neste 8 de mar\u00e7o, dia internacional da mulher, a C\u00e2mara dos vereadores de Pacaraima ressalta o papel das cidad\u00e3s Pacaraimense e vem convida-las a ter uma maior participa\u00e7\u00e3o nas quest\u00f5es sociopol\u00edticas, lembrando que existe muito problema a ser enfrentado.</p>\r\n<p align=\"justify\">A todas as mulheres, parab\u00e9ns por serem fonte de inspira\u00e7\u00e3o, for\u00e7a e coragem, principalmente neste per\u00edodo de pandemia que estamos vivendo.</p>\r\n<p align=\"justify\">A vereadora e presidente da casa legislativa de Pacaraima, deixa uma mensagem de for\u00e7a a todas as mulheres.</p>\r\n<p align=\"justify\" style=\"text-align: center; \"><em>\u201cLugar de mulher \u00e9 onde ela quiser! E eu escolhi ter m\u00faltiplas fun\u00e7\u00f5es, me divido e sou realizada e feliz assim, sendo m\u00e3e, amiga, parceira e vereadora de Pacaraima. Mulheres, todos os dias s\u00e3o nossos\u201d</em></p>\r\n<p align=\"justify\" style=\"text-align: center; \"><em></em>\u00a0<span class=\"discreet\">Dila Santos - Vereadora e presidente da C\u00e2mara de Pacaraima</span>.</p>", "author_name": "publicidadecamarapac@hotmail.com", "version": "1.0", "author_url": "https://www.pacaraima.rr.leg.br/author/publicidadecamarapac@hotmail.com", "provider_name": "Pal\u00e1cio Francisco Fernandes Souza", "type": "rich"}