{"provider_url": "https://www.pacaraima.rr.leg.br", "title": "Vereadora solicita informa\u00e7\u00f5es sobre vacina\u00e7\u00e3o contra a covid-19 em Pacaraima", "html": "<p>\u00a0<img src=\"https://www.pacaraima.rr.leg.br/galeria-de-fotos/sessao-legislativa-2021/DSC_0235.JPG/@@images/8a840a44-18e0-41aa-8068-a2e97e7b8009.jpeg\" alt=\"Kassia Sena\" class=\"image-inline\" title=\"Kassia Sena\" /></p>\r\n<p style=\"text-align: center; \"><span class=\"discreet\">\u00a0Vereadora Kassia Sena - Republicanos</span></p>\r\n<p style=\"text-align: justify; \"><span style=\"text-align: justify; \">Atrav\u00e9s do of\u00edcio n\u00b00001/2021-GAB-VER enviado \u00e0 Secretaria Municipal de Sa\u00fade - SEMSA, no dia 19 de fevereiro 2021,\u00a0</span><span style=\"text-align: justify; \">a vereadora K\u00e1ssia Sena (Republicanos),</span><span style=\"text-align: justify; \"> solicitou informa\u00e7\u00f5es referentes ao cronograma de vacina\u00e7\u00e3o da COVID-19 em Pacaraima.</span></p>\r\n<p style=\"text-align: justify; \">Em resposta ao of\u00edcio, a SEMSA esclareceu que no momento o Minist\u00e9rio\u00a0 da Sa\u00fade \u00e9 o respons\u00e1vel pela elabora\u00e7\u00e3o do plano de vacina\u00e7\u00e3o no pa\u00eds, levando em considera\u00e7\u00e3o a quantidade de doses da vacina disponibilizada.\u00a0<span>O cronograma de vacina\u00e7\u00e3o segue at\u00e9 o final de 2021.</span></p>\r\n<p style=\"text-align: justify; \">\"<em>Atualmente o Munic\u00edpio segue vacinando\u00a0profissionais da sa\u00fade\u00a0que est\u00e3o na linha de frente no combate a pandemia e os\u00a0idosos com idade igual ou superior a 80 anos</em>\", destaca a resposta encaminhada.</p>\r\n<p style=\"text-align: justify; \">A fim de evitar a propaga\u00e7\u00e3o do v\u00edrus, a vereadora K\u00e1ssia, destacou a import\u00e2ncia da coopera\u00e7\u00e3o da popula\u00e7\u00e3o em manter todos os cuidados e contribuir com as a\u00e7\u00f5es realizadas pelo poder p\u00fablico.</p>\r\n<p style=\"text-align: justify; \">\u00a0</p>\r\n<p style=\"text-align: justify; \">\u00a0</p>", "author_name": "publicidadecamarapac@hotmail.com", "version": "1.0", "author_url": "https://www.pacaraima.rr.leg.br/author/publicidadecamarapac@hotmail.com", "provider_name": "Pal\u00e1cio Francisco Fernandes Souza", "type": "rich"}