{"provider_url": "https://www.pacaraima.rr.leg.br", "title": "C\u00e2mara aprova Lei que beneficia setor da educa\u00e7\u00e3o", "html": "<p style=\"text-align: justify; \">\u00a0</p>\r\n<p style=\"text-align: justify; \">Foi aprovado na 15\u00b0 Sess\u00e3o Extraordin\u00e1ria, realizada na \u00faltima quinta feira (03/03), Projeto de lei 01/2022 que trata da concess\u00e3o de abono salarial do FUNDEB aos profissionais da educa\u00e7\u00e3o b\u00e1sica do munic\u00edpio de Pacaraima.\u00a0<span>A sess\u00e3o contou com a presen\u00e7a majorit\u00e1ria dos profissionais do setor da educa\u00e7\u00e3o do munic\u00edpio. </span></p>\r\n<p style=\"text-align: justify; \"><span>O PL foi encaminhado na \u00faltima sess\u00e3o ordin\u00e1ria para a comiss\u00e3o de educa\u00e7\u00e3o, composta pelos vereadores, Marcelo Benvindo (Presidente), Arlindo do Taxi (Relator), Teco Paix\u00e3o (Membro),\u00a0 \u00a0 o parecer lido durante a sess\u00e3o extraordin\u00e1ria foi favor\u00e1vel ao projeto, e recebeu apoio dos parlamentares da Casa, aprovado por sete votos. </span></p>\r\n<p style=\"text-align: justify; \"><span>Durante</span><span>\u00a0a discuss\u00e3o sobre a vota\u00e7\u00e3o do PL, os parlamentares solicitaram paralisa\u00e7\u00e3o de 5 minutos para analisarem um trecho do projeto, ao retornarem,\u00a0 os vereadores votaram pela aprova\u00e7\u00e3o em sua totalidade, com sete votos favor\u00e1veis e uma absten\u00e7\u00e3o.\u00a0</span></p>\r\n<p style=\"text-align: justify; \"><span>Todos os parlamentares enfatizaram a grande import\u00e2ncia da inclus\u00e3o de todos os setores da educa\u00e7\u00e3o e a valoriza\u00e7\u00e3o dos profissionais.</span></p>\r\n<p style=\"text-align: justify; \"><span>A presidente da Casa, Dila Santos (Solidariedade), finalizou a sess\u00e3o destacando o trabalho dos parlamentares em prol da sociedade, e ressaltou \"a Casa esta aberta para qualquer Projeto que beneficie a sociedade\".</span></p>\r\n<p style=\"text-align: justify; \"><span>\u00a0 Confira a Integra da 15\u00b0 Sess\u00e3o extraordin\u00e1ria atrav\u00e9s do <a class=\"external-link\" href=\"https://fb.watch/bClchKDMeN/\" target=\"_self\" title=\"\">link.</a></span></p>", "author_name": "publicidadecamarapac@hotmail.com", "version": "1.0", "author_url": "https://www.pacaraima.rr.leg.br/author/publicidadecamarapac@hotmail.com", "provider_name": "Pal\u00e1cio Francisco Fernandes Souza", "type": "rich"}