{"provider_url": "https://www.pacaraima.rr.leg.br", "title": "19\u00b0 Sess\u00e3o Ordin\u00e1ria da 7\u00b0 legislatura CMP ", "html": "<p><img src=\"https://www.pacaraima.rr.leg.br/galeria-de-fotos/IMG20220223WA0040.jpg/@@images/35a418d1-4a79-4c84-854b-0cc8cac0fae9.jpeg\" alt=\"\" class=\"image-inline\" title=\"\" /></p>\r\n<p style=\"text-align: justify; \"><span><br /></span></p>\r\n<p style=\"text-align: justify; \"><span>Foi apresentado na sess\u00e3o Ordin\u00e1ria realizada nesta\u00a0 quarta-feira (23), </span>o projeto n\u00b001/2022 que trata da concess\u00e3o de abono do FUNDEB aos profissionais da educa\u00e7\u00e3o b\u00e1sica do sistema municipal de ensino. A pauta foi bastante aguardada e recebeu apoio dos parlamentares. O projeto seguiu para analise da comiss\u00e3o de educa\u00e7\u00e3o, que \u00e9 composta pelos vereadores Marcelo Benvindo (Presidente), Arlindo do Taxi (Relator) e Teco Paix\u00e3o (Membro). Todos vereadores presentes na sess\u00e3o tiveram posicionamento favor\u00e1vel ao projeto, e destacaram a import\u00e2ncia da valoriza\u00e7\u00e3o dos profissionais.\u00a0 \u00a0\u00a0</p>\r\n<p style=\"text-align: justify; \">Houve a leitura e vota\u00e7\u00e3o do veto do executivo, que afirmou inconstitucionalidade acerca do PL n\u00b0 08/2021,\u00a0 que trata do oferecimento de atendimento psicol\u00f3gico e servi\u00e7o social nas rede publica de educa\u00e7\u00e3o, que visa acolher a comunidade escolar, principalmente no per\u00edodo de pandemia, que v\u00eam afetando diretamente a vida social da popula\u00e7\u00e3o. Por unanimidade a Casa votou pela derrubada do veto.</p>\r\n<p style=\"text-align: justify; \">Tamb\u00e9m foi discutido <span>acerca do veto ao</span>\u00a0PL n\u00b0 11/2021, o executivo\u00a0<span>alegou inconstitucionalidade e destacou impacto econ\u00f4mico dos cofres p\u00fablicos, o projeto\u00a0</span> trata da autoriza\u00e7\u00e3o dos servidores municipais a licen\u00e7a de 1 dia nos seus respectivos anivers\u00e1rios. Os pares votaram e por unanimidade derrubaram o veto.\u00a0\u00a0</p>\r\n<p style=\"text-align: justify; \">Os vereadores presentes destacaram a import\u00e2ncia do papel do legislativo na atua\u00e7\u00e3o em prol da sociedade, buscando aprimorar a qualidade de vida, sempre trabalhando a servi\u00e7o do cidad\u00e3o.</p>\r\n<p style=\"text-align: justify; \">Confira a \u00edntegra a 10 Sess\u00e3o Ordin\u00e1ria atrav\u00e9s do <a class=\"external-link\" href=\"https://fb.watch/bmAXjda7Wr/\" target=\"_self\" title=\"\">link</a></p>\r\n<p style=\"text-align: justify; \">\u00a0</p>", "author_name": "publicidadecamarapac@hotmail.com", "version": "1.0", "author_url": "https://www.pacaraima.rr.leg.br/author/publicidadecamarapac@hotmail.com", "provider_name": "Pal\u00e1cio Francisco Fernandes Souza", "type": "rich"}