{"provider_url": "https://www.pacaraima.rr.leg.br", "title": "1 de Maio - Dia do Trabalhador", "html": "<p><img src=\"https://www.pacaraima.rr.leg.br/galeria-de-fotos/datas-comemorativas/IMG20210501WA0000.jpg/@@images/cbaa8476-e030-4a10-94e7-4ca00363e4f5.jpeg\" alt=\"Dia do trabalhador\" class=\"image-inline\" title=\"Dia do trabalhador\" /></p>\r\n<p>\u00a0</p>\r\n<p style=\"text-align: justify; \">Parab\u00e9ns trabalhador ! Pela for\u00e7a, coragem e dedica\u00e7\u00e3o em fazer um trabalho digno e de extrema import\u00e2ncia, pela luta di\u00e1ria e todos os direitos adquiridos.\u00a0</p>", "author_name": "publicidadecamarapac@hotmail.com", "version": "1.0", "author_url": "https://www.pacaraima.rr.leg.br/author/publicidadecamarapac@hotmail.com", "provider_name": "Pal\u00e1cio Francisco Fernandes Souza", "type": "rich"}