{"provider_url": "https://www.pacaraima.rr.leg.br", "title": "Estrutura", "html": "<p style=\"text-align: center; \"><strong>CAP\u00cdTULO I</strong><br /><strong>DAS DISPOSI\u00c7\u00d5ES PRELIMINARES</strong></p>\r\n<p style=\"text-align: justify; \">Art. 1\u00b0. A estrutura organizacional e administrativa da C\u00e2mara Municipal de Pacaraima/RR, criada pela Resolu\u00e7\u00e3o N\u00b0.002/97, de 25 de mar\u00e7o de 1997, e com as altera\u00e7\u00f5es introduzidas pela Resolu\u00e7\u00e3o N\u00b0. 010/99, de 1\u00b0 de mar\u00e7o de 1999, Lei Municipal N\u00b0. 275/2018, de 16 de maio de 2018, Lei Municipal N\u00b0 303/2020, de 16 de junho de 2020. Lei Municipal N\u00b0. 344/2022, de 23 de mar\u00e7o de 2022, Lei Municipal N\u00ba. 349/2022, de 2 de agosto de 2022. Lei Municipal N\u00b0. 350/2022, de 2 de agosto de 2022, Lei Municipal N\u00b0. 357/2022, de 30 de dezembro de 2022, e Lei Municipal N\u00b0. 373/2023, de 3 de agosto de 2023, passa a ser constitu\u00edda, nos termos desta Lei,\u00a0pelos seguintes \u00f3rg\u00e3os:</p>\r\n<p style=\"text-align: justify; \">I - Plen\u00e1rio;<br />Il - Mesa Diretora;<br />III - Presid\u00eancia (Gabinete da Presid\u00eancia);<br />IV - Comiss\u00f5es;<br />V - Gabinetes dos Vereadores;<br />Secretaria Geral;<br />VII - Procuradoria Jur\u00eddica Geral;<br />VIII - Assessoria Cont\u00e1bil;<br />IX - Controle Interno;<br />X - Ouvidoria Parlamentar;<br />XI - Comiss\u00e3o Permanente de Contrata\u00e7\u00f5es;<br />XII - Assessoria Legislativa;<br />XIII - Assessoria de Comunica\u00e7\u00e3o.</p>\r\n<p style=\"text-align: justify; \">Com base na <a title=\"\" href=\"https://www.pacaraima.rr.leg.br/leis/leis-aprovadas/2023/lei-383-2023-pccr-cmp\" class=\"internal-link\" target=\"_self\">Lei 383/2023</a>\u00a0Disp\u00f5e sobre a reestrutura\u00e7\u00e3o organizacional e administrativa da C\u00e2mara Municipal de Pacaraima e d\u00e1 outras provid\u00eancias.</p>\r\n<p style=\"text-align: justify; \"><span>V</span><span>isando melhorar e otimizar o funcionamento e o desempenho das atividades parlamentares no munic\u00edpio<span>\u00a0foi promulgada no \u00e2mbito da estrutura administrativa da C\u00e2mara Municipal de Pacaraima, o cargo de \"<strong>Assessor Parlamentar</strong>\", com base na\u00a0<a title=\"\" href=\"https://www.pacaraima.rr.leg.br/leis/leis-de-autoria-da-camara/leis-aprovadas/lei-municipal-no-350-2022/at_download/file\" class=\"external-link\" target=\"_self\">Lei Municipal N\u00ba 350/2022</a>.</span></span></p>\r\n<p style=\"text-align: justify; \"><span><span><br /></span></span></p>\r\n<p><span><span><img src=\"https://www.pacaraima.rr.leg.br/imagens/OrganogramaCMP.png/@@images/304ba0fa-e561-46d6-8086-8282cb5ab64e.png\" alt=\"Organograma\" class=\"image-inline\" title=\"Organograma\" /></span></span></p>", "author_name": "Programa Interlegis", "version": "1.0", "author_url": "https://www.pacaraima.rr.leg.br/author/Programa Interlegis", "provider_name": "Pal\u00e1cio Francisco Fernandes Souza", "type": "rich"}